{"id":1592,"date":"2023-03-09T15:05:00","date_gmt":"2023-03-09T14:05:00","guid":{"rendered":"https:\/\/eliserichter.net\/?p=1592"},"modified":"2026-02-04T10:59:39","modified_gmt":"2026-02-04T09:59:39","slug":"festrede-von-alina-brad-bei-der-auszeichnung-von-frauen-in-der-spitzenforschung","status":"publish","type":"post","link":"https:\/\/eliserichter.net\/index.php\/2023\/03\/09\/festrede-von-alina-brad-bei-der-auszeichnung-von-frauen-in-der-spitzenforschung\/","title":{"rendered":"Festrede von Alina Brad bei der Auszeichnung von Frauen in der Spitzenforschung"},"content":{"rendered":"\n<p>8 March 2023 (english version <a href=\"https:\/\/eliserichter.net\/index.php\/2023\/12\/19\/keynote-speech-by-alina-brad-at-the-excellent-women-researchers-awards-ceremony-2023\/\" data-type=\"link\" data-id=\"https:\/\/eliserichter.net\/index.php\/2023\/12\/19\/keynote-speech-by-alina-brad-at-the-excellent-women-researchers-awards-ceremony-2023\/\">here<\/a>)<\/p>\n\n\n\n<p>Sehr geehrte Vertreter:innen des FWF, der Ministerien und der Universit\u00e4ten, sehr verehrte G\u00e4ste, liebe Kolleginnen,<br>zuallererst m\u00f6chte ich mich sehr herzlich beim FWF bedanken. Erstens f\u00fcr die Auszeichnung mit dem Elise-Richter-Preis. Zweitens, dass ich heute die Ehre habe \u2013 zumal am internationalen Frauentag \u2013, die Dankesrede im Namen der diesj\u00e4hrigen Preistr\u00e4gerinnen halten zu d\u00fcrfen.<\/p>\n\n\n\n<p>Als mich die Anfrage f\u00fcr diese Rede erreicht hat, habe ich spontan und ohne l\u00e4nger nachzudenken zugesagt. Ich habe mich dar\u00fcber gefreut und war mir sicher, dass ich Vieles zu sagen habe. Je n\u00e4her aber der heutige Abend r\u00fcckte, umso unsicherer wurde ich mit der Aufgabe, im Namen der Preistr\u00e4gerinnen eine Dankesrede zu halten. Ich denke, daf\u00fcr gab es zwei Gr\u00fcnde: Zum einen, h\u00e4tten alle hier anwesenden Preistr\u00e4gerinnen sicher viel Bedeutendes zu sagen. \u00dcber ihre Forschung, aber auch \u00fcber ihre pers\u00f6nlichen Erfahrungen als Wissenschaftlerinnen auf dem bestimmt f\u00fcr alle nicht einfachen Weg hierhin. Der andere Grund, warum mir diese Rede nicht leicht fiel liegt aber noch etwas tiefer: denn manchmal kann ich es selbst noch nicht ganz fassen, nun zu diesem Kreis von Wissenschaftlerinnen zu geh\u00f6ren und jetzt auch noch f\u00fcr diese zu sprechen.<\/p>\n\n\n<div class=\"wp-block-image\">\n<figure class=\"aligncenter size-full\"><img loading=\"lazy\" decoding=\"async\" width=\"520\" height=\"347\" src=\"https:\/\/eliserichter.net\/wp-content\/uploads\/2023\/03\/csm_5_Photo-by-Elena-Azzalini-9877_e843d674e0.jpg\" alt=\"\" class=\"wp-image-1594\" srcset=\"https:\/\/eliserichter.net\/wp-content\/uploads\/2023\/03\/csm_5_Photo-by-Elena-Azzalini-9877_e843d674e0.jpg 520w, https:\/\/eliserichter.net\/wp-content\/uploads\/2023\/03\/csm_5_Photo-by-Elena-Azzalini-9877_e843d674e0-300x200.jpg 300w\" sizes=\"auto, (max-width: 520px) 100vw, 520px\" \/><figcaption class=\"wp-element-caption\">Aline Brad copyright: FWF\/Elena Azzalini<\/figcaption><\/figure>\n<\/div>\n\n\n<p>Ich h\u00f6re immer wieder von Kolleg:innen, die schon von Kind an davon getr\u00e4umt haben, diesen Berufsweg einzuschlagen \u2013 und ihn dann auch, trotz aller Anstrengungen \u2013 ganz selbstverst\u00e4ndlich gegangen sind. Ich geh\u00f6re nicht zu dieser Gruppe. Nicht weil ich die Wissenschaft nicht interessant gefunden h\u00e4tte, sondern einfach deshalb, weil ich \u00fcberhaupt keine Vorstellung davon hatte, was eine Wissenschaftlerin \u00fcberhaupt macht \u2013 und auch niemand in meinem sozialen Umfeld mir das vermitteln konnte. Dementsprechend war mein Weg in die Wissenschaft auch alles andere als geradlinig oder naheliegend. Er f\u00fchrte \u00fcber viele Umwege. Lange hat mich das Gef\u00fchl verfolgt, aufgrund eines Irrtums, gewisserma\u00dfen f\u00e4lschlicherweise, an der Universit\u00e4t gelandet zu sein. Als Frau, mit Migrationshintergrund, aus einer nicht-akademischen Familie, ist es \u2013 wie sie alle wissen \u2013 bis heute statistisch eher unwahrscheinlich, eine akademische Laufbahn einzuschlagen. Man hat in der Regel auch eine gewisse Abneigung dagegen sich \u00fcber diese Merkmale zu definieren. Ich erw\u00e4hne es dennoch, um meine Anerkennung f\u00fcr den FWF daf\u00fcr zum Ausdruck zu bringen, dass er auch Forscher:innen f\u00f6rdert, deren Biographien aus vielf\u00e4ltigen Gr\u00fcnden, wie meine, nicht linear verliefen. Und ich denke, hier liegt auch eine besondere Bedeutung und Verantwortung von Frauenf\u00f6rderprogrammen in einer noch immer stark von Geschlechter-ungleichheiten gepr\u00e4gten Wissenschaftswelt.<\/p>\n\n\n\n<p>Das sage ich nicht nur aus eigener Dankbarkeit, sondern auch und vor allem, weil ich glaube, dass Nicht-Linearit\u00e4t eine gro\u00dfe Bedeutung f\u00fcr den wissenschaftlichen Erkenntnisgewinn selbst hat. Als Anton Zeilinger den Nobelpreis erhalten hat, wurde ja schon viel dar\u00fcber diskutiert, wie wichtig die Freiheit im wissenschaftlichen Erkenntnisprozess ist, sich auch verlaufen zu k\u00f6nnen, Fehler zu machen \u2013 und nicht alles linear auf einen vorab definierten Nutzen auszurichten. Viele der hier Anwesenden haben wahrscheinlich selbst die Erfahrung gemacht, wie Prekarit\u00e4t und Karrieredruck gerade bei jungen Wissenschaftler:innen in \u00d6sterreich dieses Gef\u00fchl, die Freiheit zu haben, Umwege zu gehen und auch Scheitern zu d\u00fcrfen, ersticken. Hinzu kommt die Anrufung internationaler Mobilit\u00e4t, die f\u00fcr viele bedeutet, innerhalb weniger Jahre immer wieder den Lebensmittelpunkt zu verlagern.<\/p>\n\n\n\n<p>Auch in dieser Hinsicht weicht meine Wissenschaftsbiographie wohl von der Norm ab. Aber ich bin \u00fcberzeugt, dass gerade diese Abweichung eine wichtige Voraussetzung daf\u00fcr war, dass ich nun hier stehe: Ich konnte meine Forschung \u00fcber mehrere Jahre in einem stabilen Umfeld beruflicher aber auch privater Beziehungen aufbauen und entwickeln. Ich habe enorm von der damit verbundenen Stabilit\u00e4t und Konzentration profitiert \u2013 so wichtig internationale Netzwerke und Kooperationen bei der Entwicklung meines Forschungsthemas auch waren.<\/p>\n\n\n\n<p>In diesem Sinne m\u00f6chte ich mich abschlie\u00dfend \u2013 und ich denke, hier spreche ich tats\u00e4chlich f\u00fcr alle Preistr\u00e4gerinnen \u2013 vor allem bei all jenen bedanken, die uns inspiriert und unterst\u00fctzt haben, uns zugeh\u00f6rt haben und uns Mut zugesprochen haben \u2013 unseren Mentorinnen und Mentoren, unseren Freundinnen und Freunden, und vor allem unseren Familien. Und dem FWF daf\u00fcr, dass wir das besondere Privileg haben, uns vier Jahre lang in einem stabilen Rahmen auf unsere Forschung konzentrieren zu k\u00f6nnen. <br>Alina Brad, 8.3.2023<\/p>\n\n\n\n<p class=\"has-text-align-center\">Event report (in German) <a href=\"https:\/\/www.fwf.ac.at\/de\/news-presse\/news\/nachricht\/nid\/20230309-2849\">https:\/\/www.fwf.ac.at\/de\/news-presse\/news\/nachricht\/nid\/20230309-2849<\/a><\/p>\n","protected":false},"excerpt":{"rendered":"<p>8 March 2023 (english version here) Sehr geehrte Vertreter:innen des FWF, der Ministerien und der Universit\u00e4ten, sehr verehrte G\u00e4ste, liebe<\/p>\n<p><a href=\"https:\/\/eliserichter.net\/index.php\/2023\/03\/09\/festrede-von-alina-brad-bei-der-auszeichnung-von-frauen-in-der-spitzenforschung\/\" class=\"more-link\">Continue reading<span class=\"screen-reader-text\">Festrede von Alina Brad bei der Auszeichnung von Frauen in der Spitzenforschung<\/span><\/a><\/p>\n","protected":false},"author":2,"featured_media":0,"comment_status":"open","ping_status":"open","sticky":false,"template":"","format":"standard","meta":{"footnotes":""},"categories":[14,16],"tags":[18,20],"class_list":["post-1592","post","type-post","status-publish","format-standard","hentry","category-news","category-events","tag-news","tag-events"],"uagb_featured_image_src":{"full":false,"thumbnail":false,"medium":false,"medium_large":false,"large":false,"1536x1536":false,"2048x2048":false,"post-thumbnail":false,"wen-travel-archive":false,"wen-travel-slider":false},"uagb_author_info":{"display_name":"Katja Mayer","author_link":"https:\/\/eliserichter.net\/index.php\/author\/kmayer\/"},"uagb_comment_info":0,"uagb_excerpt":"8 March 2023 (english version here) Sehr geehrte Vertreter:innen des FWF, der Ministerien und der Universit\u00e4ten, sehr verehrte G\u00e4ste, liebeContinue readingFestrede von Alina Brad bei der Auszeichnung von Frauen in der Spitzenforschung","_links":{"self":[{"href":"https:\/\/eliserichter.net\/index.php\/wp-json\/wp\/v2\/posts\/1592","targetHints":{"allow":["GET"]}}],"collection":[{"href":"https:\/\/eliserichter.net\/index.php\/wp-json\/wp\/v2\/posts"}],"about":[{"href":"https:\/\/eliserichter.net\/index.php\/wp-json\/wp\/v2\/types\/post"}],"author":[{"embeddable":true,"href":"https:\/\/eliserichter.net\/index.php\/wp-json\/wp\/v2\/users\/2"}],"replies":[{"embeddable":true,"href":"https:\/\/eliserichter.net\/index.php\/wp-json\/wp\/v2\/comments?post=1592"}],"version-history":[{"count":4,"href":"https:\/\/eliserichter.net\/index.php\/wp-json\/wp\/v2\/posts\/1592\/revisions"}],"predecessor-version":[{"id":1662,"href":"https:\/\/eliserichter.net\/index.php\/wp-json\/wp\/v2\/posts\/1592\/revisions\/1662"}],"wp:attachment":[{"href":"https:\/\/eliserichter.net\/index.php\/wp-json\/wp\/v2\/media?parent=1592"}],"wp:term":[{"taxonomy":"category","embeddable":true,"href":"https:\/\/eliserichter.net\/index.php\/wp-json\/wp\/v2\/categories?post=1592"},{"taxonomy":"post_tag","embeddable":true,"href":"https:\/\/eliserichter.net\/index.php\/wp-json\/wp\/v2\/tags?post=1592"}],"curies":[{"name":"wp","href":"https:\/\/api.w.org\/{rel}","templated":true}]}}